{"id":3722,"date":"2024-01-21T06:28:00","date_gmt":"2024-01-21T06:28:00","guid":{"rendered":"https:\/\/bodegasantacruz.com\/jose-gil-martinez-new-president-of-bodega-santa-cruz-in-alpera\/"},"modified":"2024-08-01T06:58:51","modified_gmt":"2024-08-01T06:58:51","slug":"jose-gil-martinez-new-president-of-bodega-santa-cruz-in-alpera","status":"publish","type":"post","link":"https:\/\/bodegasantacruz.com\/en\/jose-gil-martinez-new-president-of-bodega-santa-cruz-in-alpera\/","title":{"rendered":"Jos\u00e9 Gil Mart\u00ednez, new president of Bodega Santa Cruz in Alpera"},"content":{"rendered":"\n<p>Bodega Santa Cruz de Alpera has, since June last year, a new president. Jos\u00e9 Gil Mart\u00ednez, a native of our town, Alpera (Albacete), aged 47, is the new president of Bodega Santa Cruz de Alpera. Jos\u00e9 Gil Mart\u00ednez was elected in the Extraordinary General Assembly of Members that took place in Alpera last June.<\/p>\n\n<p>Jos\u00e9 Gil Mart\u00ednez has a long history and relationship with the winery, since in addition to being a member since 1999, he has been a member of the Governing Council since 2022. In addition, the new president of our winery also comes from an important family relationship with Bodega Santa Cruz de Alpera, since his father, Jes\u00fas Gil Meg\u00edas, was also part of the Governing Council of the winery.<\/p>\n<div class=\"wp-block-image\">\n<figure class=\"aligncenter size-large is-resized\"><img decoding=\"async\" width=\"768\" height=\"1024\" src=\"https:\/\/bodegasantacruz.com\/wp-content\/uploads\/2024\/01\/jose-gil-nuevo-presidente-bodega-santa-cruz-de-alpera-768x1024.jpg\" alt=\"\" class=\"wp-image-3152\" style=\"width:370px;height:auto\" srcset=\"https:\/\/bodegasantacruz.com\/wp-content\/uploads\/2024\/01\/jose-gil-nuevo-presidente-bodega-santa-cruz-de-alpera-768x1024.jpg 768w, https:\/\/bodegasantacruz.com\/wp-content\/uploads\/2024\/01\/jose-gil-nuevo-presidente-bodega-santa-cruz-de-alpera-225x300.jpg 225w, https:\/\/bodegasantacruz.com\/wp-content\/uploads\/2024\/01\/jose-gil-nuevo-presidente-bodega-santa-cruz-de-alpera-1152x1536.jpg 1152w, https:\/\/bodegasantacruz.com\/wp-content\/uploads\/2024\/01\/jose-gil-nuevo-presidente-bodega-santa-cruz-de-alpera-1536x2048.jpg 1536w, https:\/\/bodegasantacruz.com\/wp-content\/uploads\/2024\/01\/jose-gil-nuevo-presidente-bodega-santa-cruz-de-alpera-265x353.jpg 265w, https:\/\/bodegasantacruz.com\/wp-content\/uploads\/2024\/01\/jose-gil-nuevo-presidente-bodega-santa-cruz-de-alpera-504x672.jpg 504w, https:\/\/bodegasantacruz.com\/wp-content\/uploads\/2024\/01\/jose-gil-nuevo-presidente-bodega-santa-cruz-de-alpera-scaled.jpg 1920w\" sizes=\"(max-width: 768px) 100vw, 768px\" \/><\/figure>\n<\/div>\n<p>Jos\u00e9 Gil Mart\u00ednez, highlighted the honour \u2018of being able to hold this position for the next four years, in which I will work to give my best and achieve the ambitious objectives we have on the table in our winery for the period between 2023 and 2027. One of them, and one for which we will continue to fight tirelessly: to continue to ensure that our bottling business continues to grow both nationally and internationally\u2019.<\/p>\n\n<p>We would also like to publicly thank the outgoing president, Jos\u00e9 Joaqu\u00edn Fern\u00e1ndez Navajas, for his dedication and the great work he has done over the last 4 years in which he has managed to keep Bodega Santa Cruz de Alpera in a good and optimum position in the increasingly demanding market.<\/p>\n<div class=\"wp-block-image\">\n<figure class=\"aligncenter size-large is-resized\"><img decoding=\"async\" width=\"694\" height=\"1024\" src=\"https:\/\/bodegasantacruz.com\/wp-content\/uploads\/2024\/01\/jose-gil-presidente-alpera-3-694x1024.jpg\" alt=\"\" class=\"wp-image-3164\" style=\"width:352px;height:auto\" srcset=\"https:\/\/bodegasantacruz.com\/wp-content\/uploads\/2024\/01\/jose-gil-presidente-alpera-3-694x1024.jpg 694w, https:\/\/bodegasantacruz.com\/wp-content\/uploads\/2024\/01\/jose-gil-presidente-alpera-3-203x300.jpg 203w, https:\/\/bodegasantacruz.com\/wp-content\/uploads\/2024\/01\/jose-gil-presidente-alpera-3-1041x1536.jpg 1041w, https:\/\/bodegasantacruz.com\/wp-content\/uploads\/2024\/01\/jose-gil-presidente-alpera-3-1388x2048.jpg 1388w, https:\/\/bodegasantacruz.com\/wp-content\/uploads\/2024\/01\/jose-gil-presidente-alpera-3-265x391.jpg 265w, https:\/\/bodegasantacruz.com\/wp-content\/uploads\/2024\/01\/jose-gil-presidente-alpera-3-504x744.jpg 504w, https:\/\/bodegasantacruz.com\/wp-content\/uploads\/2024\/01\/jose-gil-presidente-alpera-3.jpg 1500w\" sizes=\"(max-width: 694px) 100vw, 694px\" \/><\/figure>\n<\/div>","protected":false},"excerpt":{"rendered":"<p>Bodega Santa Cruz de Alpera has, since June last year, a new president. Jos\u00e9 Gil Mart\u00ednez, a native of our town, Alpera (Albacete), aged 47, is the new president of Bodega Santa Cruz de Alpera. Jos\u00e9 Gil Mart\u00ednez was elected in the Extraordinary General Assembly of Members that took place in Alpera last June. Jos\u00e9 [&hellip;]<\/p>\n","protected":false},"author":2,"featured_media":3161,"comment_status":"closed","ping_status":"closed","sticky":false,"template":"","format":"standard","meta":{"_uag_custom_page_level_css":"","ocean_post_layout":"","ocean_both_sidebars_style":"","ocean_both_sidebars_content_width":0,"ocean_both_sidebars_sidebars_width":0,"ocean_sidebar":"","ocean_second_sidebar":"","ocean_disable_margins":"enable","ocean_add_body_class":"","ocean_shortcode_before_top_bar":"","ocean_shortcode_after_top_bar":"","ocean_shortcode_before_header":"","ocean_shortcode_after_header":"","ocean_has_shortcode":"","ocean_shortcode_after_title":"","ocean_shortcode_before_footer_widgets":"","ocean_shortcode_after_footer_widgets":"","ocean_shortcode_before_footer_bottom":"","ocean_shortcode_after_footer_bottom":"","ocean_display_top_bar":"default","ocean_display_header":"default","ocean_header_style":"","ocean_center_header_left_menu":"","ocean_custom_header_template":"","ocean_custom_logo":0,"ocean_custom_retina_logo":0,"ocean_custom_logo_max_width":0,"ocean_custom_logo_tablet_max_width":0,"ocean_custom_logo_mobile_max_width":0,"ocean_custom_logo_max_height":0,"ocean_custom_logo_tablet_max_height":0,"ocean_custom_logo_mobile_max_height":0,"ocean_header_custom_menu":"","ocean_menu_typo_font_family":"","ocean_menu_typo_font_subset":"","ocean_menu_typo_font_size":0,"ocean_menu_typo_font_size_tablet":0,"ocean_menu_typo_font_size_mobile":0,"ocean_menu_typo_font_size_unit":"px","ocean_menu_typo_font_weight":"","ocean_menu_typo_font_weight_tablet":"","ocean_menu_typo_font_weight_mobile":"","ocean_menu_typo_transform":"","ocean_menu_typo_transform_tablet":"","ocean_menu_typo_transform_mobile":"","ocean_menu_typo_line_height":0,"ocean_menu_typo_line_height_tablet":0,"ocean_menu_typo_line_height_mobile":0,"ocean_menu_typo_line_height_unit":"","ocean_menu_typo_spacing":0,"ocean_menu_typo_spacing_tablet":0,"ocean_menu_typo_spacing_mobile":0,"ocean_menu_typo_spacing_unit":"","ocean_menu_link_color":"","ocean_menu_link_color_hover":"","ocean_menu_link_color_active":"","ocean_menu_link_background":"","ocean_menu_link_hover_background":"","ocean_menu_link_active_background":"","ocean_menu_social_links_bg":"","ocean_menu_social_hover_links_bg":"","ocean_menu_social_links_color":"","ocean_menu_social_hover_links_color":"","ocean_disable_title":"default","ocean_disable_heading":"default","ocean_post_title":"","ocean_post_subheading":"","ocean_post_title_style":"","ocean_post_title_background_color":"","ocean_post_title_background":0,"ocean_post_title_bg_image_position":"","ocean_post_title_bg_image_attachment":"","ocean_post_title_bg_image_repeat":"","ocean_post_title_bg_image_size":"","ocean_post_title_height":0,"ocean_post_title_bg_overlay":0.5,"ocean_post_title_bg_overlay_color":"","ocean_disable_breadcrumbs":"default","ocean_breadcrumbs_color":"","ocean_breadcrumbs_separator_color":"","ocean_breadcrumbs_links_color":"","ocean_breadcrumbs_links_hover_color":"","ocean_display_footer_widgets":"default","ocean_display_footer_bottom":"default","ocean_custom_footer_template":"","ocean_post_oembed":"","ocean_post_self_hosted_media":"","ocean_post_video_embed":"","ocean_link_format":"","ocean_link_format_target":"self","ocean_quote_format":"","ocean_quote_format_link":"post","ocean_gallery_link_images":"on","ocean_gallery_id":[],"footnotes":""},"categories":[682],"tags":[],"class_list":["post-3722","post","type-post","status-publish","format-standard","has-post-thumbnail","hentry","category-news","entry","has-media","owp-thumbs-layout-horizontal","owp-btn-normal","owp-tabs-layout-horizontal","has-no-thumbnails","has-product-nav"],"uagb_featured_image_src":{"full":["https:\/\/bodegasantacruz.com\/wp-content\/uploads\/2024\/01\/jose-gil-nuevo-presidente-.jpg",2000,1611,false],"thumbnail":["https:\/\/bodegasantacruz.com\/wp-content\/uploads\/2024\/01\/jose-gil-nuevo-presidente--150x150.jpg",150,150,true],"medium":["https:\/\/bodegasantacruz.com\/wp-content\/uploads\/2024\/01\/jose-gil-nuevo-presidente--300x242.jpg",300,242,true],"medium_large":["https:\/\/bodegasantacruz.com\/wp-content\/uploads\/2024\/01\/jose-gil-nuevo-presidente-.jpg",2000,1611,false],"large":["https:\/\/bodegasantacruz.com\/wp-content\/uploads\/2024\/01\/jose-gil-nuevo-presidente--1024x825.jpg",1024,825,true],"1536x1536":["https:\/\/bodegasantacruz.com\/wp-content\/uploads\/2024\/01\/jose-gil-nuevo-presidente--1536x1237.jpg",1536,1237,true],"2048x2048":["https:\/\/bodegasantacruz.com\/wp-content\/uploads\/2024\/01\/jose-gil-nuevo-presidente-.jpg",2000,1611,false],"ocean-thumb-m":["https:\/\/bodegasantacruz.com\/wp-content\/uploads\/2024\/01\/jose-gil-nuevo-presidente--600x600.jpg",600,600,true],"ocean-thumb-ml":["https:\/\/bodegasantacruz.com\/wp-content\/uploads\/2024\/01\/jose-gil-nuevo-presidente--800x450.jpg",800,450,true],"ocean-thumb-l":["https:\/\/bodegasantacruz.com\/wp-content\/uploads\/2024\/01\/jose-gil-nuevo-presidente--1200x700.jpg",1200,700,true],"woocommerce_thumbnail":["https:\/\/bodegasantacruz.com\/wp-content\/uploads\/2024\/01\/jose-gil-nuevo-presidente--265x213.jpg",265,213,true],"woocommerce_single":["https:\/\/bodegasantacruz.com\/wp-content\/uploads\/2024\/01\/jose-gil-nuevo-presidente--504x406.jpg",504,406,true],"woocommerce_gallery_thumbnail":["https:\/\/bodegasantacruz.com\/wp-content\/uploads\/2024\/01\/jose-gil-nuevo-presidente--100x100.jpg",100,100,true]},"uagb_author_info":{"display_name":"Javier Martinez","author_link":"https:\/\/bodegasantacruz.com\/en\/author\/javier\/"},"uagb_comment_info":0,"uagb_excerpt":"Bodega Santa Cruz de Alpera has, since June last year, a new president. Jos\u00e9 Gil Mart\u00ednez, a native of our town, Alpera (Albacete), aged 47, is the new president of Bodega Santa Cruz de Alpera. Jos\u00e9 Gil Mart\u00ednez was elected in the Extraordinary General Assembly of Members that took place in Alpera last June. Jos\u00e9&hellip;","_links":{"self":[{"href":"https:\/\/bodegasantacruz.com\/en\/wp-json\/wp\/v2\/posts\/3722","targetHints":{"allow":["GET"]}}],"collection":[{"href":"https:\/\/bodegasantacruz.com\/en\/wp-json\/wp\/v2\/posts"}],"about":[{"href":"https:\/\/bodegasantacruz.com\/en\/wp-json\/wp\/v2\/types\/post"}],"author":[{"embeddable":true,"href":"https:\/\/bodegasantacruz.com\/en\/wp-json\/wp\/v2\/users\/2"}],"replies":[{"embeddable":true,"href":"https:\/\/bodegasantacruz.com\/en\/wp-json\/wp\/v2\/comments?post=3722"}],"version-history":[{"count":0,"href":"https:\/\/bodegasantacruz.com\/en\/wp-json\/wp\/v2\/posts\/3722\/revisions"}],"wp:featuredmedia":[{"embeddable":true,"href":"https:\/\/bodegasantacruz.com\/en\/wp-json\/wp\/v2\/media\/3161"}],"wp:attachment":[{"href":"https:\/\/bodegasantacruz.com\/en\/wp-json\/wp\/v2\/media?parent=3722"}],"wp:term":[{"taxonomy":"category","embeddable":true,"href":"https:\/\/bodegasantacruz.com\/en\/wp-json\/wp\/v2\/categories?post=3722"},{"taxonomy":"post_tag","embeddable":true,"href":"https:\/\/bodegasantacruz.com\/en\/wp-json\/wp\/v2\/tags?post=3722"}],"curies":[{"name":"wp","href":"https:\/\/api.w.org\/{rel}","templated":true}]}}